{"id":1066,"date":"2025-04-14T21:45:49","date_gmt":"2025-04-14T19:45:49","guid":{"rendered":"https:\/\/etudiantswoezon.com\/?p=1066"},"modified":"2025-07-09T20:12:35","modified_gmt":"2025-07-09T18:12:35","slug":"retour-sur-le-12-avril-une-celebration-de-la-fusion-entre-etudiant-woezon-et-lassetof","status":"publish","type":"post","link":"https:\/\/etudiantswoezon.com\/index.php\/2025\/04\/14\/retour-sur-le-12-avril-une-celebration-de-la-fusion-entre-etudiant-woezon-et-lassetof\/","title":{"rendered":"Retour sur le 12 avril : une c\u00e9l\u00e9bration de la fusion entre \u00c9tudiant Woezon et l\u2019ASSETOF"},"content":{"rendered":"\t\t<div data-elementor-type=\"wp-post\" data-elementor-id=\"1066\" class=\"elementor elementor-1066\">\n\t\t\t\t\t\t<section class=\"elementor-section elementor-top-section elementor-element elementor-element-464d4b3 elementor-section-boxed elementor-section-height-default elementor-section-height-default\" data-id=\"464d4b3\" data-element_type=\"section\" data-e-type=\"section\">\n\t\t\t\t\t\t<div class=\"elementor-container elementor-column-gap-default\">\n\t\t\t\t\t<div class=\"elementor-column elementor-col-100 elementor-top-column elementor-element elementor-element-217865c\" data-id=\"217865c\" data-element_type=\"column\" data-e-type=\"column\">\n\t\t\t<div class=\"elementor-widget-wrap elementor-element-populated\">\n\t\t\t\t\t\t<div class=\"elementor-element elementor-element-5b0b15f elementor-widget elementor-widget-text-editor\" data-id=\"5b0b15f\" data-element_type=\"widget\" data-e-type=\"widget\" data-widget_type=\"text-editor.default\">\n\t\t\t\t<div class=\"elementor-widget-container\">\n\t\t\t\t\t\t\t\t\t<p><span style=\"font-weight: 400; color: #000000;\">Le 12 avril 2025, les murs du 3 chemin du Pigeonnier de la C\u00e9pi\u00e8re \u00e0 Toulouse ont r\u00e9sonn\u00e9 au rythme des tambours, des rires et des \u00e9changes passionn\u00e9s. Plus qu\u2019un simple \u00e9v\u00e9nement, cete journ\u00e9e a marqu\u00e9 non seulement la c\u00e9l\u00e9bration des deux ans d\u2019\u00c9tudiant Woezon mais aussi sa fusion officielle avec l\u2019Association des \u00c9tudiants Togolais en France (AETF).<\/span><\/p><p><span style=\"color: #000000;\"><span style=\"font-weight: 400;\">Cet \u00e9v\u00e9nement a rassembl\u00e9 \u00e9tudiants, jeunes professionnels et sympathisants venus de divers horizons pour c\u00e9l\u00e9brer une vision commune : <\/span><b>accompagner, soutenir et tisser un r\u00e9seau solidaire pour les \u00e9tudiants Togolais en France<\/b><span style=\"font-weight: 400;\">. Et c\u2019est qui est marqu\u00e9e \u00e0 travers cette fusion.<\/span><\/span><\/p>\t\t\t\t\t\t\t\t<\/div>\n\t\t\t\t<\/div>\n\t\t\t\t<section class=\"elementor-section elementor-inner-section elementor-element elementor-element-243a0aa elementor-section-boxed elementor-section-height-default elementor-section-height-default\" data-id=\"243a0aa\" data-element_type=\"section\" data-e-type=\"section\">\n\t\t\t\t\t\t<div class=\"elementor-container elementor-column-gap-default\">\n\t\t\t\t\t<div class=\"elementor-column elementor-col-50 elementor-inner-column elementor-element elementor-element-3e6de43\" data-id=\"3e6de43\" data-element_type=\"column\" data-e-type=\"column\">\n\t\t\t<div class=\"elementor-widget-wrap elementor-element-populated\">\n\t\t\t\t\t\t<div class=\"elementor-element elementor-element-3602cb1 elementor-widget elementor-widget-image\" data-id=\"3602cb1\" data-element_type=\"widget\" data-e-type=\"widget\" data-widget_type=\"image.default\">\n\t\t\t\t<div class=\"elementor-widget-container\">\n\t\t\t\t\t\t\t\t\t\t\t\t\t\t\t<img fetchpriority=\"high\" decoding=\"async\" width=\"300\" height=\"300\" src=\"https:\/\/etudiantswoezon.com\/wp-content\/uploads\/2025\/04\/Journee-speciale-3-e1744659828193-300x300.png\" class=\"attachment-medium size-medium wp-image-1072\" alt=\"\" srcset=\"https:\/\/etudiantswoezon.com\/wp-content\/uploads\/2025\/04\/Journee-speciale-3-e1744659828193-300x300.png 300w, https:\/\/etudiantswoezon.com\/wp-content\/uploads\/2025\/04\/Journee-speciale-3-e1744659828193-150x150.png 150w, https:\/\/etudiantswoezon.com\/wp-content\/uploads\/2025\/04\/Journee-speciale-3-e1744659828193-70x70.png 70w, https:\/\/etudiantswoezon.com\/wp-content\/uploads\/2025\/04\/Journee-speciale-3-e1744659828193-246x246.png 246w, https:\/\/etudiantswoezon.com\/wp-content\/uploads\/2025\/04\/Journee-speciale-3-e1744659828193-276x276.png 276w, https:\/\/etudiantswoezon.com\/wp-content\/uploads\/2025\/04\/Journee-speciale-3-e1744659828193-125x125.png 125w, https:\/\/etudiantswoezon.com\/wp-content\/uploads\/2025\/04\/Journee-speciale-3-e1744659828193.png 638w\" sizes=\"(max-width: 300px) 100vw, 300px\" \/>\t\t\t\t\t\t\t\t\t\t\t\t\t\t\t<\/div>\n\t\t\t\t<\/div>\n\t\t\t\t\t<\/div>\n\t\t<\/div>\n\t\t\t\t<div class=\"elementor-column elementor-col-50 elementor-inner-column elementor-element elementor-element-1beb4d2\" data-id=\"1beb4d2\" data-element_type=\"column\" data-e-type=\"column\">\n\t\t\t<div class=\"elementor-widget-wrap elementor-element-populated\">\n\t\t\t\t\t\t<div class=\"elementor-element elementor-element-1eedc66 elementor-widget elementor-widget-image\" data-id=\"1eedc66\" data-element_type=\"widget\" data-e-type=\"widget\" data-widget_type=\"image.default\">\n\t\t\t\t<div class=\"elementor-widget-container\">\n\t\t\t\t\t\t\t\t\t\t\t\t\t\t\t<img decoding=\"async\" width=\"300\" height=\"262\" src=\"https:\/\/etudiantswoezon.com\/wp-content\/uploads\/2025\/04\/Journee-speciale-4-e1744659883796-300x262.png\" class=\"attachment-medium size-medium wp-image-1070\" alt=\"\" srcset=\"https:\/\/etudiantswoezon.com\/wp-content\/uploads\/2025\/04\/Journee-speciale-4-e1744659883796-300x262.png 300w, https:\/\/etudiantswoezon.com\/wp-content\/uploads\/2025\/04\/Journee-speciale-4-e1744659883796-768x671.png 768w, https:\/\/etudiantswoezon.com\/wp-content\/uploads\/2025\/04\/Journee-speciale-4-e1744659883796.png 850w\" sizes=\"(max-width: 300px) 100vw, 300px\" \/>\t\t\t\t\t\t\t\t\t\t\t\t\t\t\t<\/div>\n\t\t\t\t<\/div>\n\t\t\t\t\t<\/div>\n\t\t<\/div>\n\t\t\t\t\t<\/div>\n\t\t<\/section>\n\t\t\t\t<div class=\"elementor-element elementor-element-a3b9afc elementor-widget elementor-widget-text-editor\" data-id=\"a3b9afc\" data-element_type=\"widget\" data-e-type=\"widget\" data-widget_type=\"text-editor.default\">\n\t\t\t\t<div class=\"elementor-widget-container\">\n\t\t\t\t\t\t\t\t\t<p><span style=\"color: #000000;\"><b>Un avenir \u00e0 \u00e9crire ensemble<\/b><\/span><\/p><p><span style=\"font-weight: 400; color: #000000;\">Cette journ\u00e9e restera grav\u00e9e comme un point de d\u00e9part pour de nouveaux horizons. Car au-del\u00e0 d\u2019une simple fusion, l&rsquo;objectif est de r\u00e9aliser des projets concrets qui seront utiles aux n\u00e9o arrivants, proposer des solutions \u00e0 leurs probl\u00e8mes et recueillir leurs besoins.\u00a0<\/span><\/p><p><span style=\"color: #000000;\"><span style=\"font-weight: 400;\">\u00ab Etudiant Woezon n\u2019est pas l\u00e0 pour absorber les associations d\u2019\u00e9tudiants existantes, mais de porter leur dol\u00e9ances \u00e0 travers une collaboration saine et fructueuse \u00bb, <\/span><b>\u00e0 souligner Anne-Marie TEDJI, pr\u00e9sidente d&rsquo;\u00c9tudiant Woezon<\/b><span style=\"font-weight: 400;\">. L\u2019id\u00e9e est donc de cr\u00e9er un r\u00e9seau \u00e0 travers lequel chaque \u00e9tudiant Togolais, chaque association \u00e9tudiante arrivent \u00e0 se trouver.\u00a0<\/span><\/span><\/p><p><span style=\"color: #000000;\"><span style=\"font-weight: 400;\">\u00ab Les responsables de \u00c9tudiant Woezon et ASSETOF ayant constat\u00e9 les objectifs communs des 2 entit\u00e9s, une fusion a \u00e9t\u00e9 envisag\u00e9e afin de renforcer les actions de chacune en une seule vision \u00bb, a soulign\u00e9<\/span><span style=\"font-weight: 400;\"> quant \u00e0 lui <\/span><b>AZIAGBA Koamivi Mawulolo<\/b><span style=\"font-weight: 400;\">.<\/span><\/span><\/p><p><span style=\"color: #000000;\"><span style=\"font-weight: 400;\">Un moment fort de la journ\u00e9e a \u00e9t\u00e9 <\/span><b>la signature officielle de la fusion<\/b><span style=\"font-weight: 400;\"> entre \u00c9tudiant Woezon et l\u2019ASSETOF, <\/span><b>par les deux pr\u00e9sidents respectifs<\/b><span style=\"font-weight: 400;\">. Ce geste symbolique, applaudi par les participants, a scell\u00e9 la volont\u00e9 commune d\u2019unir les forces, de mutualiser les ressources et d\u2019\u00e9crire ensemble une nouvelle page de l\u2019engagement estudiantin togolais en France.<\/span><\/span><\/p>\t\t\t\t\t\t\t\t<\/div>\n\t\t\t\t<\/div>\n\t\t\t\t<div class=\"elementor-element elementor-element-c5fb7aa elementor-widget elementor-widget-image\" data-id=\"c5fb7aa\" data-element_type=\"widget\" data-e-type=\"widget\" data-widget_type=\"image.default\">\n\t\t\t\t<div class=\"elementor-widget-container\">\n\t\t\t\t\t\t\t\t\t\t\t\t\t\t\t<img decoding=\"async\" width=\"750\" height=\"422\" src=\"https:\/\/etudiantswoezon.com\/wp-content\/uploads\/2025\/04\/Journee-speciale-5.png\" class=\"attachment-large size-large wp-image-1069\" alt=\"\" srcset=\"https:\/\/etudiantswoezon.com\/wp-content\/uploads\/2025\/04\/Journee-speciale-5.png 864w, https:\/\/etudiantswoezon.com\/wp-content\/uploads\/2025\/04\/Journee-speciale-5-300x169.png 300w, https:\/\/etudiantswoezon.com\/wp-content\/uploads\/2025\/04\/Journee-speciale-5-768x432.png 768w\" sizes=\"(max-width: 750px) 100vw, 750px\" \/>\t\t\t\t\t\t\t\t\t\t\t\t\t\t\t<\/div>\n\t\t\t\t<\/div>\n\t\t\t\t\t<\/div>\n\t\t<\/div>\n\t\t\t\t\t<\/div>\n\t\t<\/section>\n\t\t\t\t<section class=\"elementor-section elementor-top-section elementor-element elementor-element-67767b6 elementor-section-boxed elementor-section-height-default elementor-section-height-default\" data-id=\"67767b6\" data-element_type=\"section\" data-e-type=\"section\">\n\t\t\t\t\t\t<div class=\"elementor-container elementor-column-gap-default\">\n\t\t\t\t\t<div class=\"elementor-column elementor-col-100 elementor-top-column elementor-element elementor-element-6a6471a\" data-id=\"6a6471a\" data-element_type=\"column\" data-e-type=\"column\">\n\t\t\t<div class=\"elementor-widget-wrap elementor-element-populated\">\n\t\t\t\t\t\t<div class=\"elementor-element elementor-element-122e97b elementor-widget elementor-widget-text-editor\" data-id=\"122e97b\" data-element_type=\"widget\" data-e-type=\"widget\" data-widget_type=\"text-editor.default\">\n\t\t\t\t<div class=\"elementor-widget-container\">\n\t\t\t\t\t\t\t\t\t<p><span style=\"color: #000000;\"><b>Une ambiance festive et fraternelle<\/b><\/span><\/p><p><span style=\"font-weight: 400; color: #000000;\">Le programme, riche et vari\u00e9, a permis \u00e0 chacun de s\u2019exprimer et de se reconnecter au Togo \u00e0 travers :\u00a0<\/span><\/p><ul><li style=\"font-weight: 400;\" aria-level=\"1\"><span style=\"font-weight: 400; color: #000000;\">Un battles de danse m\u00ealant afrobeat, agbadja et nouveaut\u00e9s togolaises avec la cl\u00e9 des tickets au conce<i>rt des TOOFAN du 18 avril distribu\u00e9<\/i><\/span><\/li><li style=\"font-weight: 400;\" aria-level=\"1\"><span style=\"font-weight: 400; color: #000000;\"><i>Un quizz culturel de 28 questions sur l\u2019histoire, les traditions et les figures embl\u00e9matiques du Togo et de l\u2019Afrique.<\/i><\/span><\/li><li style=\"font-weight: 400;\" aria-level=\"1\"><span style=\"font-weight: 400; color: #000000;\"><i>Le partage de mets togolais<\/i><\/span><\/li><\/ul><p><span style=\"font-weight: 400; color: #000000;\"><i>Cette journ\u00e9e a confirm\u00e9 l\u2019ambition de cette nouvelle entit\u00e9 associative : cr\u00e9er un espace inclusif, vivant et engag\u00e9 pour les Togolais de France, et pour tous ceux qui partagent leurs valeurs.<\/i><\/span><\/p><p><span style=\"font-weight: 400; color: #000000;\"><i>L\u2019\u00e9v\u00e9nement a \u00e9galement \u00e9t\u00e9 l\u2019occasion de discuter des questionnements des \u00e9tudiants, du r\u00f4le de la d&rsquo;\u00e9tudiant Woezon\u00a0 et des\u00a0 initiatives de mentorat entam\u00e9es.<\/i><\/span><\/p><p><span style=\"color: #000000;\"><i><span style=\"font-weight: 400;\">Pour rappel, \u00c9tudiant Woezon se positionne comme une <\/span><b>ressource d\u2019accueil et d\u2019int\u00e9gration<\/b><span style=\"font-weight: 400;\">, particuli\u00e8rement \u00e0 destination des \u00e9tudiants togolais. <\/span><b>\u00a0\u00c9tudiant Wo\u00e9zon <\/b><span style=\"font-weight: 400;\">\u00a0n\u2019a pas la pr\u00e9tention de remplacer les associations \u00e9tudiantes d\u00e9j\u00e0 pr\u00e9sentes mais d\u2019\u00eatre dans une optique de collaboration.<\/span><\/i><\/span><\/p><p><span style=\"color: #000000;\"><i><b>Toutefois<\/b><span style=\"font-weight: 400;\">, la plateforme propose les <\/span><b>informations communes \u00e0 la majorit\u00e9 des \u00e9tudiants \u00e9trangers<\/b><span style=\"font-weight: 400;\"> en France, ainsi qu\u2019\u00e0 ceux venant de pays o\u00f9 la proc\u00e9dure Campus France est instaur\u00e9e.\u00a0<\/span><\/i><\/span><\/p><p><span style=\"color: #000000;\"><i><span style=\"font-weight: 400;\">Si vous avez des questions, \u00e9crivez \u00e0 : <\/span><a style=\"color: #000000;\" href=\"mailto:contactetudiantwoezon@gmail.com\"><span style=\"font-weight: 400;\">contactetudiantwoezon@gmail.com<\/span><\/a><\/i><\/span><\/p>\t\t\t\t\t\t\t\t<\/div>\n\t\t\t\t<\/div>\n\t\t\t\t\t<\/div>\n\t\t<\/div>\n\t\t\t\t\t<\/div>\n\t\t<\/section>\n\t\t\t\t<section class=\"elementor-section elementor-top-section elementor-element elementor-element-b61a3a6 elementor-section-boxed elementor-section-height-default elementor-section-height-default\" data-id=\"b61a3a6\" data-element_type=\"section\" data-e-type=\"section\">\n\t\t\t\t\t\t<div class=\"elementor-container elementor-column-gap-default\">\n\t\t\t\t\t<div class=\"elementor-column elementor-col-100 elementor-top-column elementor-element elementor-element-06220b6\" data-id=\"06220b6\" data-element_type=\"column\" data-e-type=\"column\">\n\t\t\t<div class=\"elementor-widget-wrap elementor-element-populated\">\n\t\t\t\t\t\t<div class=\"elementor-element elementor-element-c8eb155 elementor-widget elementor-widget-image\" data-id=\"c8eb155\" data-element_type=\"widget\" data-e-type=\"widget\" data-widget_type=\"image.default\">\n\t\t\t\t<div class=\"elementor-widget-container\">\n\t\t\t\t\t\t\t\t\t\t\t\t\t\t\t<img loading=\"lazy\" decoding=\"async\" width=\"750\" height=\"422\" src=\"https:\/\/etudiantswoezon.com\/wp-content\/uploads\/2025\/04\/Journee-speciale-6.png\" class=\"attachment-large size-large wp-image-1068\" alt=\"\" srcset=\"https:\/\/etudiantswoezon.com\/wp-content\/uploads\/2025\/04\/Journee-speciale-6.png 864w, https:\/\/etudiantswoezon.com\/wp-content\/uploads\/2025\/04\/Journee-speciale-6-300x169.png 300w, https:\/\/etudiantswoezon.com\/wp-content\/uploads\/2025\/04\/Journee-speciale-6-768x432.png 768w\" sizes=\"(max-width: 750px) 100vw, 750px\" \/>\t\t\t\t\t\t\t\t\t\t\t\t\t\t\t<\/div>\n\t\t\t\t<\/div>\n\t\t\t\t\t<\/div>\n\t\t<\/div>\n\t\t\t\t\t<\/div>\n\t\t<\/section>\n\t\t\t\t<\/div>\n\t\t","protected":false},"excerpt":{"rendered":"<p>Le 12 avril 2025, les murs du 3 chemin du Pigeonnier de la C\u00e9pi\u00e8re \u00e0 Toulouse ont r\u00e9sonn\u00e9 au rythme &hellip; <\/p>\n","protected":false},"author":3,"featured_media":1069,"comment_status":"closed","ping_status":"closed","sticky":false,"template":"","format":"standard","meta":{"footnotes":""},"categories":[22],"tags":[],"class_list":["post-1066","post","type-post","status-publish","format-standard","has-post-thumbnail","hentry","category-actualite"],"_links":{"self":[{"href":"https:\/\/etudiantswoezon.com\/index.php\/wp-json\/wp\/v2\/posts\/1066","targetHints":{"allow":["GET"]}}],"collection":[{"href":"https:\/\/etudiantswoezon.com\/index.php\/wp-json\/wp\/v2\/posts"}],"about":[{"href":"https:\/\/etudiantswoezon.com\/index.php\/wp-json\/wp\/v2\/types\/post"}],"author":[{"embeddable":true,"href":"https:\/\/etudiantswoezon.com\/index.php\/wp-json\/wp\/v2\/users\/3"}],"replies":[{"embeddable":true,"href":"https:\/\/etudiantswoezon.com\/index.php\/wp-json\/wp\/v2\/comments?post=1066"}],"version-history":[{"count":7,"href":"https:\/\/etudiantswoezon.com\/index.php\/wp-json\/wp\/v2\/posts\/1066\/revisions"}],"predecessor-version":[{"id":1078,"href":"https:\/\/etudiantswoezon.com\/index.php\/wp-json\/wp\/v2\/posts\/1066\/revisions\/1078"}],"wp:featuredmedia":[{"embeddable":true,"href":"https:\/\/etudiantswoezon.com\/index.php\/wp-json\/wp\/v2\/media\/1069"}],"wp:attachment":[{"href":"https:\/\/etudiantswoezon.com\/index.php\/wp-json\/wp\/v2\/media?parent=1066"}],"wp:term":[{"taxonomy":"category","embeddable":true,"href":"https:\/\/etudiantswoezon.com\/index.php\/wp-json\/wp\/v2\/categories?post=1066"},{"taxonomy":"post_tag","embeddable":true,"href":"https:\/\/etudiantswoezon.com\/index.php\/wp-json\/wp\/v2\/tags?post=1066"}],"curies":[{"name":"wp","href":"https:\/\/api.w.org\/{rel}","templated":true}]}}